{"id":91,"count":1,"description":"","link":"https:\/\/p.aeffl.pt\/red\/?tag=matematica-8-o-ano-notacao-cientifica","name":"Matem\u00e1tica 8.\u00ba ano - Nota\u00e7\u00e3o cient\u00edfica","slug":"matematica-8-o-ano-notacao-cientifica","taxonomy":"post_tag","meta":[],"_links":{"self":[{"href":"https:\/\/p.aeffl.pt\/red\/index.php?rest_route=\/wp\/v2\/tags\/91"}],"collection":[{"href":"https:\/\/p.aeffl.pt\/red\/index.php?rest_route=\/wp\/v2\/tags"}],"about":[{"href":"https:\/\/p.aeffl.pt\/red\/index.php?rest_route=\/wp\/v2\/taxonomies\/post_tag"}],"wp:post_type":[{"href":"https:\/\/p.aeffl.pt\/red\/index.php?rest_route=%2Fwp%2Fv2%2Fposts&tags=91"}],"curies":[{"name":"wp","href":"https:\/\/api.w.org\/{rel}","templated":true}]}}