{"id":147,"count":1,"description":"","link":"https:\/\/p.aeffl.pt\/red\/?tag=regras-organicas-de-adaptacao-ao-exercicio","name":"Regras org\u00e2nicas de adapta\u00e7\u00e3o ao exerc\u00edcio","slug":"regras-organicas-de-adaptacao-ao-exercicio","taxonomy":"post_tag","meta":[],"_links":{"self":[{"href":"https:\/\/p.aeffl.pt\/red\/index.php?rest_route=\/wp\/v2\/tags\/147"}],"collection":[{"href":"https:\/\/p.aeffl.pt\/red\/index.php?rest_route=\/wp\/v2\/tags"}],"about":[{"href":"https:\/\/p.aeffl.pt\/red\/index.php?rest_route=\/wp\/v2\/taxonomies\/post_tag"}],"wp:post_type":[{"href":"https:\/\/p.aeffl.pt\/red\/index.php?rest_route=%2Fwp%2Fv2%2Fposts&tags=147"}],"curies":[{"name":"wp","href":"https:\/\/api.w.org\/{rel}","templated":true}]}}