{"id":943,"date":"2024-05-21T18:47:50","date_gmt":"2024-05-21T18:47:50","guid":{"rendered":"https:\/\/p.aeffl.pt\/red\/?p=943"},"modified":"2024-05-21T18:47:50","modified_gmt":"2024-05-21T18:47:50","slug":"relacao-entre-exercicio-saude-mortalidade-global-e-sua-variancia-com-nivel-de-treino-desenvolvimento-das-capacidades-motoras","status":"publish","type":"post","link":"https:\/\/p.aeffl.pt\/red\/?p=943","title":{"rendered":"Rela\u00e7\u00e3o entre exerc\u00edcio, sa\u00fade, mortalidade global e sua vari\u00e2ncia com n\u00edvel de treino\/desenvolvimento das capacidades motoras."},"content":{"rendered":"<div class=\"h5p-iframe-wrapper\"><iframe id=\"h5p-iframe-202\" class=\"h5p-iframe\" data-content-id=\"202\" style=\"height:1px\" src=\"about:blank\" frameBorder=\"0\" scrolling=\"no\" title=\"Rela\u00e7\u00e3o entre exerc\u00edcio, sa\u00fade, mortalidade global e sua vari\u00e2ncia com n\u00edvel de treino\/desenvolvimento das capacidades motoras.\"><\/iframe><\/div>\n","protected":false},"excerpt":{"rendered":"","protected":false},"author":46,"featured_media":0,"comment_status":"open","ping_status":"open","sticky":false,"template":"","format":"standard","meta":{"footnotes":""},"categories":[23],"tags":[148],"_links":{"self":[{"href":"https:\/\/p.aeffl.pt\/red\/index.php?rest_route=\/wp\/v2\/posts\/943"}],"collection":[{"href":"https:\/\/p.aeffl.pt\/red\/index.php?rest_route=\/wp\/v2\/posts"}],"about":[{"href":"https:\/\/p.aeffl.pt\/red\/index.php?rest_route=\/wp\/v2\/types\/post"}],"author":[{"embeddable":true,"href":"https:\/\/p.aeffl.pt\/red\/index.php?rest_route=\/wp\/v2\/users\/46"}],"replies":[{"embeddable":true,"href":"https:\/\/p.aeffl.pt\/red\/index.php?rest_route=%2Fwp%2Fv2%2Fcomments&post=943"}],"version-history":[{"count":2,"href":"https:\/\/p.aeffl.pt\/red\/index.php?rest_route=\/wp\/v2\/posts\/943\/revisions"}],"predecessor-version":[{"id":962,"href":"https:\/\/p.aeffl.pt\/red\/index.php?rest_route=\/wp\/v2\/posts\/943\/revisions\/962"}],"wp:attachment":[{"href":"https:\/\/p.aeffl.pt\/red\/index.php?rest_route=%2Fwp%2Fv2%2Fmedia&parent=943"}],"wp:term":[{"taxonomy":"category","embeddable":true,"href":"https:\/\/p.aeffl.pt\/red\/index.php?rest_route=%2Fwp%2Fv2%2Fcategories&post=943"},{"taxonomy":"post_tag","embeddable":true,"href":"https:\/\/p.aeffl.pt\/red\/index.php?rest_route=%2Fwp%2Fv2%2Ftags&post=943"}],"curies":[{"name":"wp","href":"https:\/\/api.w.org\/{rel}","templated":true}]}}