{"id":1502,"date":"2024-06-03T12:20:07","date_gmt":"2024-06-03T12:20:07","guid":{"rendered":"https:\/\/p.aeffl.pt\/red\/?p=1502"},"modified":"2024-06-03T12:20:07","modified_gmt":"2024-06-03T12:20:07","slug":"versificacao-nomes-e-numeros-dos-versos","status":"publish","type":"post","link":"https:\/\/p.aeffl.pt\/red\/?p=1502","title":{"rendered":"Versifica\u00e7\u00e3o: nomes e n\u00fameros dos versos"},"content":{"rendered":"<div class=\"h5p-iframe-wrapper\"><iframe id=\"h5p-iframe-336\" class=\"h5p-iframe\" data-content-id=\"336\" style=\"height:1px\" src=\"about:blank\" frameBorder=\"0\" scrolling=\"no\" title=\"Versifica\u00e7\u00e3o em &quot;Rimas&quot; de Lu\u00eds Vaz de Cam\u00f5es\"><\/iframe><\/div>\n","protected":false},"excerpt":{"rendered":"","protected":false},"author":62,"featured_media":0,"comment_status":"open","ping_status":"open","sticky":false,"template":"","format":"standard","meta":{"footnotes":""},"categories":[21],"tags":[182],"_links":{"self":[{"href":"https:\/\/p.aeffl.pt\/red\/index.php?rest_route=\/wp\/v2\/posts\/1502"}],"collection":[{"href":"https:\/\/p.aeffl.pt\/red\/index.php?rest_route=\/wp\/v2\/posts"}],"about":[{"href":"https:\/\/p.aeffl.pt\/red\/index.php?rest_route=\/wp\/v2\/types\/post"}],"author":[{"embeddable":true,"href":"https:\/\/p.aeffl.pt\/red\/index.php?rest_route=\/wp\/v2\/users\/62"}],"replies":[{"embeddable":true,"href":"https:\/\/p.aeffl.pt\/red\/index.php?rest_route=%2Fwp%2Fv2%2Fcomments&post=1502"}],"version-history":[{"count":1,"href":"https:\/\/p.aeffl.pt\/red\/index.php?rest_route=\/wp\/v2\/posts\/1502\/revisions"}],"predecessor-version":[{"id":1503,"href":"https:\/\/p.aeffl.pt\/red\/index.php?rest_route=\/wp\/v2\/posts\/1502\/revisions\/1503"}],"wp:attachment":[{"href":"https:\/\/p.aeffl.pt\/red\/index.php?rest_route=%2Fwp%2Fv2%2Fmedia&parent=1502"}],"wp:term":[{"taxonomy":"category","embeddable":true,"href":"https:\/\/p.aeffl.pt\/red\/index.php?rest_route=%2Fwp%2Fv2%2Fcategories&post=1502"},{"taxonomy":"post_tag","embeddable":true,"href":"https:\/\/p.aeffl.pt\/red\/index.php?rest_route=%2Fwp%2Fv2%2Ftags&post=1502"}],"curies":[{"name":"wp","href":"https:\/\/api.w.org\/{rel}","templated":true}]}}