{"id":1500,"date":"2024-06-03T19:18:03","date_gmt":"2024-06-03T19:18:03","guid":{"rendered":"https:\/\/p.aeffl.pt\/red\/?p=1500"},"modified":"2024-06-03T19:18:03","modified_gmt":"2024-06-03T19:18:03","slug":"os-lusiadas-de-luis-vaz-de-camoes","status":"publish","type":"post","link":"https:\/\/p.aeffl.pt\/red\/?p=1500","title":{"rendered":"Os Lus\u00edadas de Lu\u00eds Vaz de Cam\u00f5es"},"content":{"rendered":"<div class=\"h5p-iframe-wrapper\"><iframe id=\"h5p-iframe-331\" class=\"h5p-iframe\" data-content-id=\"331\" style=\"height:1px\" src=\"about:blank\" frameBorder=\"0\" scrolling=\"no\" title=\"Os Lus\u00edadas de Lu\u00eds Vaz de Cam\u00f5es (estrutura)\"><\/iframe><\/div>\n","protected":false},"excerpt":{"rendered":"","protected":false},"author":62,"featured_media":0,"comment_status":"open","ping_status":"open","sticky":false,"template":"","format":"standard","meta":{"footnotes":""},"categories":[21],"tags":[182],"_links":{"self":[{"href":"https:\/\/p.aeffl.pt\/red\/index.php?rest_route=\/wp\/v2\/posts\/1500"}],"collection":[{"href":"https:\/\/p.aeffl.pt\/red\/index.php?rest_route=\/wp\/v2\/posts"}],"about":[{"href":"https:\/\/p.aeffl.pt\/red\/index.php?rest_route=\/wp\/v2\/types\/post"}],"author":[{"embeddable":true,"href":"https:\/\/p.aeffl.pt\/red\/index.php?rest_route=\/wp\/v2\/users\/62"}],"replies":[{"embeddable":true,"href":"https:\/\/p.aeffl.pt\/red\/index.php?rest_route=%2Fwp%2Fv2%2Fcomments&post=1500"}],"version-history":[{"count":1,"href":"https:\/\/p.aeffl.pt\/red\/index.php?rest_route=\/wp\/v2\/posts\/1500\/revisions"}],"predecessor-version":[{"id":1501,"href":"https:\/\/p.aeffl.pt\/red\/index.php?rest_route=\/wp\/v2\/posts\/1500\/revisions\/1501"}],"wp:attachment":[{"href":"https:\/\/p.aeffl.pt\/red\/index.php?rest_route=%2Fwp%2Fv2%2Fmedia&parent=1500"}],"wp:term":[{"taxonomy":"category","embeddable":true,"href":"https:\/\/p.aeffl.pt\/red\/index.php?rest_route=%2Fwp%2Fv2%2Fcategories&post=1500"},{"taxonomy":"post_tag","embeddable":true,"href":"https:\/\/p.aeffl.pt\/red\/index.php?rest_route=%2Fwp%2Fv2%2Ftags&post=1500"}],"curies":[{"name":"wp","href":"https:\/\/api.w.org\/{rel}","templated":true}]}}