{"id":1100,"date":"2024-06-03T19:25:14","date_gmt":"2024-06-03T19:25:14","guid":{"rendered":"https:\/\/p.aeffl.pt\/red\/?p=1100"},"modified":"2024-06-03T19:25:14","modified_gmt":"2024-06-03T19:25:14","slug":"notacao-cientifica-o-que-e-e-para-que-serve","status":"publish","type":"post","link":"https:\/\/p.aeffl.pt\/red\/?p=1100","title":{"rendered":"Nota\u00e7\u00e3o Cient\u00edfica &#8211; O que \u00e9 e para que serve"},"content":{"rendered":"<div class=\"h5p-iframe-wrapper\"><iframe id=\"h5p-iframe-262\" class=\"h5p-iframe\" data-content-id=\"262\" style=\"height:1px\" src=\"about:blank\" frameBorder=\"0\" scrolling=\"no\" title=\"Nota\u00e7\u00e3o Cient\u00edfica - 7\u00ba ano de escolaridade\"><\/iframe><\/div>\n","protected":false},"excerpt":{"rendered":"","protected":false},"author":51,"featured_media":0,"comment_status":"open","ping_status":"open","sticky":false,"template":"","format":"standard","meta":{"footnotes":""},"categories":[21],"tags":[140,74,141],"_links":{"self":[{"href":"https:\/\/p.aeffl.pt\/red\/index.php?rest_route=\/wp\/v2\/posts\/1100"}],"collection":[{"href":"https:\/\/p.aeffl.pt\/red\/index.php?rest_route=\/wp\/v2\/posts"}],"about":[{"href":"https:\/\/p.aeffl.pt\/red\/index.php?rest_route=\/wp\/v2\/types\/post"}],"author":[{"embeddable":true,"href":"https:\/\/p.aeffl.pt\/red\/index.php?rest_route=\/wp\/v2\/users\/51"}],"replies":[{"embeddable":true,"href":"https:\/\/p.aeffl.pt\/red\/index.php?rest_route=%2Fwp%2Fv2%2Fcomments&post=1100"}],"version-history":[{"count":1,"href":"https:\/\/p.aeffl.pt\/red\/index.php?rest_route=\/wp\/v2\/posts\/1100\/revisions"}],"predecessor-version":[{"id":1101,"href":"https:\/\/p.aeffl.pt\/red\/index.php?rest_route=\/wp\/v2\/posts\/1100\/revisions\/1101"}],"wp:attachment":[{"href":"https:\/\/p.aeffl.pt\/red\/index.php?rest_route=%2Fwp%2Fv2%2Fmedia&parent=1100"}],"wp:term":[{"taxonomy":"category","embeddable":true,"href":"https:\/\/p.aeffl.pt\/red\/index.php?rest_route=%2Fwp%2Fv2%2Fcategories&post=1100"},{"taxonomy":"post_tag","embeddable":true,"href":"https:\/\/p.aeffl.pt\/red\/index.php?rest_route=%2Fwp%2Fv2%2Ftags&post=1100"}],"curies":[{"name":"wp","href":"https:\/\/api.w.org\/{rel}","templated":true}]}}